{"id":99,"date":"2006-09-13T10:04:26","date_gmt":"2006-09-13T08:04:26","guid":{"rendered":"http:\/\/soci.hu\/blog\/index.php\/2006\/09\/13\/tenorizmus-elleni-vedelem-felsofokon-kefalonian\/"},"modified":"2006-09-13T10:04:26","modified_gmt":"2006-09-13T08:04:26","slug":"tenorizmus-elleni-vedelem-felsofokon-kefalonian","status":"publish","type":"post","link":"https:\/\/soci.hu\/blog\/index.php\/2006\/09\/13\/tenorizmus-elleni-vedelem-felsofokon-kefalonian\/","title":{"rendered":"Tenorizmus elleni v\u00e9delem fels\u0151fokon &#8211; Kefaloni\u00e1n"},"content":{"rendered":"<p>Nemr\u00e9g <a href=\"http:\/\/justkefalonia.co.uk\/\" target=\"_blank\">Kefaloni\u00e1n<\/a> nyaraltunk, ahol a zsebkend\u0151nyi rept\u00e9ren megfigyelhett\u00fck hogyan m\u0171k\u00f6dik az \u00e9sz n\u00e9lk\u00fcl v\u00e9grehajtott, buta szab\u00e1lyzat.<\/p>\n<p>Az angol terrorisa \u00fcgyek miatt (\u00e1ll\u00edt\u00f3lag 3 folyad\u00e9kb\u00f3l \u00e1ll\u00f3 anyaggal pr\u00f3b\u00e1ltak volna robbantani) utasonk\u00e9nt egyszerre max. 2 \u00fcveget lehet felvinni a rep\u00fcl\u0151g\u00e9pre. N\u00e1lam volt 2 bor, egy \u00fcveg homok, \u00e9s egy ol\u00edvaolaj. Persze, a k\u00e9t lez\u00e1rt bor sz\u00farta a cs\u0151r\u00fcket. :)<\/p>\n<p>Kirakatt\u00e1k vel\u00fcnk, sz\u00e9p adag gy\u0171lt m\u00e1r nekik \u00f6ssze. Erre feles\u00e9gem elkezdett vel\u00fck alkudozni, hogy adj\u00e1k m\u00e1r vissza, n\u00e1la nincs semmit, \u00edgy ha a bort \u00e1trakjuk hozz\u00e1, akkor 2-2, minden ok. Szerencs\u00e9re a magyar\u00a0utaz\u00e1si iroda k\u00e9pvisel\u0151 is besz\u00e1llt, mondta, hogy az helyi a dagadt csaj, az egy ilyen buzg\u00f3 m\u00f3csing, a t\u00f6bbiek nem k\u00f6t\u00f6zk\u00f6dnek.<\/p>\n<p>A dolog pikant\u00e9ri\u00e1ja, hogy mivel kicsi a rept\u00e9r, \u00fagy n\u00e9z ki az \u00fcgylet, hogy \u00e1tn\u00e9zik a cuccot, becsekkel\u00fcnk, azt\u00e1n visszamegy\u00fcnk UGYANARRA a helyre! Ezt l\u00e1tva az ut\u00e1nunk lev\u0151k m\u00e1r kirakt\u00e1k a cuccokat a k\u00e9s\u0151bb \u00e1ll\u00f3khoz, \u00e1tmentek a folyamaton, majd visszafordultak felvenni a m\u00e1lh\u00e1t. Szigor\u00fa\u00fa\u00fa\u00fa! Amolyan g\u00f6r\u00f6g\u00f6s megold\u00e1s.<\/p>\n<p>Persze volt secu ellen\u0151rz\u00e9s a besz\u00e1ll\u00e1s el\u0151tt, de ott m\u00e1r senkit nem \u00e9rtekeltek az \u00fcvegek, csak a f\u00e9m cuccok, hisz az \u00fcvegeket m\u00e1r lekezelt\u00e9k.<\/p>\n<p>Am\u00fagy Kefal\u00f3nia a legszebb sziget amit eddig l\u00e1ttam, egyed\u00fcl Mauritius el\u0151zi meg n\u00e1lam, de az tr\u00f3pus, nem igazs\u00e1gos \u00f6sszehasonl\u00edtani. Aj\u00e1nlom mindenkinek, nagyon j\u00f3 nyaral\u00e1s volt.<\/p>\n","protected":false},"excerpt":{"rendered":"<p>Nemr\u00e9g Kefaloni\u00e1n nyaraltunk, ahol a zsebkend\u0151nyi rept\u00e9ren megfigyelhett\u00fck hogyan m\u0171k\u00f6dik az \u00e9sz n\u00e9lk\u00fcl v\u00e9grehajtott, buta szab\u00e1lyzat. Az angol terrorisa \u00fcgyek miatt (\u00e1ll\u00edt\u00f3lag&#8230;<\/p>\n","protected":false},"author":1,"featured_media":0,"comment_status":"closed","ping_status":"closed","sticky":false,"template":"","format":"standard","meta":{"footnotes":""},"categories":[3],"tags":[],"class_list":["post-99","post","type-post","status-publish","format-standard","hentry","category-elet"],"_links":{"self":[{"href":"https:\/\/soci.hu\/blog\/index.php\/wp-json\/wp\/v2\/posts\/99","targetHints":{"allow":["GET"]}}],"collection":[{"href":"https:\/\/soci.hu\/blog\/index.php\/wp-json\/wp\/v2\/posts"}],"about":[{"href":"https:\/\/soci.hu\/blog\/index.php\/wp-json\/wp\/v2\/types\/post"}],"author":[{"embeddable":true,"href":"https:\/\/soci.hu\/blog\/index.php\/wp-json\/wp\/v2\/users\/1"}],"replies":[{"embeddable":true,"href":"https:\/\/soci.hu\/blog\/index.php\/wp-json\/wp\/v2\/comments?post=99"}],"version-history":[{"count":0,"href":"https:\/\/soci.hu\/blog\/index.php\/wp-json\/wp\/v2\/posts\/99\/revisions"}],"wp:attachment":[{"href":"https:\/\/soci.hu\/blog\/index.php\/wp-json\/wp\/v2\/media?parent=99"}],"wp:term":[{"taxonomy":"category","embeddable":true,"href":"https:\/\/soci.hu\/blog\/index.php\/wp-json\/wp\/v2\/categories?post=99"},{"taxonomy":"post_tag","embeddable":true,"href":"https:\/\/soci.hu\/blog\/index.php\/wp-json\/wp\/v2\/tags?post=99"}],"curies":[{"name":"wp","href":"https:\/\/api.w.org\/{rel}","templated":true}]}}