{"id":818,"date":"2009-03-04T19:37:16","date_gmt":"2009-03-04T18:37:16","guid":{"rendered":"http:\/\/soci.hu\/blog\/?p=818"},"modified":"2009-03-04T19:39:01","modified_gmt":"2009-03-04T18:39:01","slug":"szdsz-csak-abban-a-statisztikaban-hiszek-amit-magam-hamisitottam-meg","status":"publish","type":"post","link":"https:\/\/soci.hu\/blog\/index.php\/2009\/03\/04\/szdsz-csak-abban-a-statisztikaban-hiszek-amit-magam-hamisitottam-meg\/","title":{"rendered":"SZDSZ : Csak abban a statisztik\u00e1ban hiszek, amit magam hamis\u00edtottam meg"},"content":{"rendered":"<p>Im\u00e1don a google desktopot, mert id\u0151rendben cache-eli a l\u00e1togatott lapokat.<br \/>\nD\u00e9lut\u00e1n 16:19-kor ez volt a cache-emben:<br \/>\n<a href=\"http:\/\/soci.hu\/blog\/wp-content\/uploads\/2009\/03\/szdsz1609.png\"><img loading=\"lazy\" decoding=\"async\" src=\"http:\/\/soci.hu\/blog\/wp-content\/uploads\/2009\/03\/szdsz1609-285x300.png\" alt=\"\" title=\"szdsz1609\" width=\"285\" height=\"300\" class=\"aligncenter size-medium wp-image-819\" srcset=\"https:\/\/soci.hu\/blog\/wp-content\/uploads\/2009\/03\/szdsz1609-285x300.png 285w, https:\/\/soci.hu\/blog\/wp-content\/uploads\/2009\/03\/szdsz1609-600x630.png 600w, https:\/\/soci.hu\/blog\/wp-content\/uploads\/2009\/03\/szdsz1609.png 752w\" sizes=\"auto, (max-width: 285px) 100vw, 285px\" \/><\/a><\/p>\n<p>Azt\u00e1n este 19:18-kor:<\/p>\n<p><a href=\"http:\/\/soci.hu\/blog\/wp-content\/uploads\/2009\/03\/szdsz1918.png\"><img loading=\"lazy\" decoding=\"async\" src=\"http:\/\/soci.hu\/blog\/wp-content\/uploads\/2009\/03\/szdsz1918-285x300.png\" alt=\"\" title=\"szdsz1918\" width=\"285\" height=\"300\" class=\"aligncenter size-medium wp-image-820\" srcset=\"https:\/\/soci.hu\/blog\/wp-content\/uploads\/2009\/03\/szdsz1918-285x300.png 285w, https:\/\/soci.hu\/blog\/wp-content\/uploads\/2009\/03\/szdsz1918-600x630.png 600w, https:\/\/soci.hu\/blog\/wp-content\/uploads\/2009\/03\/szdsz1918.png 752w\" sizes=\"auto, (max-width: 285px) 100vw, 285px\" \/><\/a><\/p>\n<p>Csak azt nem \u00e9rtem, hogy az interneten, ahol mindennek nyoma van, hogy mernek ilyet csin\u00e1lni?<br \/>\nTudom, majd azt mondj\u00e1k, hogy kisz\u0171rt\u00e9k a duplik\u00e1ltumokat, stb., de ett\u0151l m\u00e9g a c\u00edmbeli \u00e1ll\u00edt\u00e1s igaz marad. Ej, de s\u00fcllyed\u00fcnk el az erk\u00f6lcsi szarban.<\/p>\n","protected":false},"excerpt":{"rendered":"<p>Im\u00e1don a google desktopot, mert id\u0151rendben cache-eli a l\u00e1togatott lapokat. D\u00e9lut\u00e1n 16:19-kor ez volt a cache-emben: Azt\u00e1n este 19:18-kor: Csak azt nem&#8230;<\/p>\n","protected":false},"author":1,"featured_media":0,"comment_status":"closed","ping_status":"closed","sticky":false,"template":"","format":"standard","meta":{"footnotes":""},"categories":[3],"tags":[],"class_list":["post-818","post","type-post","status-publish","format-standard","hentry","category-elet"],"_links":{"self":[{"href":"https:\/\/soci.hu\/blog\/index.php\/wp-json\/wp\/v2\/posts\/818","targetHints":{"allow":["GET"]}}],"collection":[{"href":"https:\/\/soci.hu\/blog\/index.php\/wp-json\/wp\/v2\/posts"}],"about":[{"href":"https:\/\/soci.hu\/blog\/index.php\/wp-json\/wp\/v2\/types\/post"}],"author":[{"embeddable":true,"href":"https:\/\/soci.hu\/blog\/index.php\/wp-json\/wp\/v2\/users\/1"}],"replies":[{"embeddable":true,"href":"https:\/\/soci.hu\/blog\/index.php\/wp-json\/wp\/v2\/comments?post=818"}],"version-history":[{"count":3,"href":"https:\/\/soci.hu\/blog\/index.php\/wp-json\/wp\/v2\/posts\/818\/revisions"}],"predecessor-version":[{"id":823,"href":"https:\/\/soci.hu\/blog\/index.php\/wp-json\/wp\/v2\/posts\/818\/revisions\/823"}],"wp:attachment":[{"href":"https:\/\/soci.hu\/blog\/index.php\/wp-json\/wp\/v2\/media?parent=818"}],"wp:term":[{"taxonomy":"category","embeddable":true,"href":"https:\/\/soci.hu\/blog\/index.php\/wp-json\/wp\/v2\/categories?post=818"},{"taxonomy":"post_tag","embeddable":true,"href":"https:\/\/soci.hu\/blog\/index.php\/wp-json\/wp\/v2\/tags?post=818"}],"curies":[{"name":"wp","href":"https:\/\/api.w.org\/{rel}","templated":true}]}}