{"id":816,"date":"2009-03-04T17:35:52","date_gmt":"2009-03-04T16:35:52","guid":{"rendered":"http:\/\/soci.hu\/blog\/?p=816"},"modified":"2009-03-04T17:35:52","modified_gmt":"2009-03-04T16:35:52","slug":"bi-konferencia-lement-dp-tanfolyam-indul","status":"publish","type":"post","link":"https:\/\/soci.hu\/blog\/index.php\/2009\/03\/04\/bi-konferencia-lement-dp-tanfolyam-indul\/","title":{"rendered":"BI konferencia lement, DP tanfolyam indul"},"content":{"rendered":"<p>Tegnap lezajlott az SQL Server BI konferencia, szerintem \u00e9rdekes volt. Kicsit m\u00e1s mutattunk mint szoktunk mondjuk a techneten. Olyan dolgot tekintett\u00fcnk \u00e1t, amit nagyon kevesen haszn\u00e1lnak, pedig ha m\u00e1r megvett\u00e9k az SQL Servert, ott van m\u00e9g sok nagyon okos szolg\u00e1ltat\u00e1s a rel\u00e1ci\u00f3s adatb\u00e1zison k\u00edv\u00fcl.<br \/>\nAz SSIS-t \u00e9s az SSRS-t m\u00e9g csak-csak haszn\u00e1lgatj\u00e1k az emberek, de az Analysis Services tipikusan az a komponens, ami m\u00e1r a telep\u00edt\u00e9skor se kapja meg a csekkbox\u00e1t. :) Ha meg v\u00e9letlen\u00fcl felment, Service Manual Start, radik\u00e1lisabban gondolkod\u00f3knak Disabled.<br \/>\nPedig okos dolog, l\u00e1ttam, bemutatta Kov\u00e1cs Zoli. :) \u00c9n m\u00e9g nem \u00e9rtek az anal serviceshez, de m\u00e1r hoztam hozz\u00e1 k\u00f6nyvet az MSHU-t\u00f3l, tervben van, hogy m\u00e9g id\u00e9n sz\u00e1nok r\u00e1 id\u0151t. :)<br \/>\nAki szeretne vele ismerkedni annak aj\u00e1nlom a Books Online-ban tal\u00e1lhat\u00f3 tutorialt, \u00e9n 1 napon kereszt\u00fcl nyomogattam, \u00e9s el\u00e9g j\u00f3l bevezetett az anal rejtelmeibe.<\/p>\n<p>K\u00f6sz\u00f6n\u00f6m a r\u00e9sztvev\u0151knek az \u00e9rdekl\u0151d\u00e9st \u00e9s a k\u00e9rd\u00e9seket. Volt p\u00e1r k\u00e9rd\u00e9s bugnak hat\u00f3 dolgokkal kapcsolatban, ha meg\u00edrj\u00e1tok \u0151ket, ut\u00e1nuk n\u00e9zek.<\/p>\n<p>Ha elalszik a csal\u00e1d elmondom Screencastban is az elhangzottakat, kieg\u00e9sz\u00edtve a jelent\u00e9sek param\u00e9terez\u00e9s\u00e9vel, arra m\u00e1r nem volt id\u0151 a konferenci\u00e1n.<\/p>\n<p>K\u00f6zben kezd egyre s\u0171r\u0171bb\u00e9 v\u00e1lni a napt\u00e1ram, az els\u0151 k\u00e9t h\u00f3napi cs\u00f6ndesebb id\u0151szak ut\u00e1n (kifel\u00e9, bel\u00fcl intenz\u00edven fejlesztem a keresked\u0151programomat) kezd beindulni a szaktan\u00e1csad\u00e1si \u00fczlet. :)<\/p>\n<p>\u00dcr\u00f6m az \u00f6r\u00f6mben, hogy k\u00f6zben egyre cs\u00fany\u00e1bbakat hallani orsz\u00e1gunk \u00e1llapot\u00e1r\u00f3l vagy meg\u00edt\u00e9l\u00e9s\u00e9r\u0151l. :(<\/p>\n","protected":false},"excerpt":{"rendered":"<p>Tegnap lezajlott az SQL Server BI konferencia, szerintem \u00e9rdekes volt. Kicsit m\u00e1s mutattunk mint szoktunk mondjuk a techneten. Olyan dolgot tekintett\u00fcnk \u00e1t,&#8230;<\/p>\n","protected":false},"author":1,"featured_media":0,"comment_status":"closed","ping_status":"closed","sticky":false,"template":"","format":"standard","meta":{"footnotes":""},"categories":[3,4],"tags":[],"class_list":["post-816","post","type-post","status-publish","format-standard","hentry","category-elet","category-szakmai-elet"],"_links":{"self":[{"href":"https:\/\/soci.hu\/blog\/index.php\/wp-json\/wp\/v2\/posts\/816","targetHints":{"allow":["GET"]}}],"collection":[{"href":"https:\/\/soci.hu\/blog\/index.php\/wp-json\/wp\/v2\/posts"}],"about":[{"href":"https:\/\/soci.hu\/blog\/index.php\/wp-json\/wp\/v2\/types\/post"}],"author":[{"embeddable":true,"href":"https:\/\/soci.hu\/blog\/index.php\/wp-json\/wp\/v2\/users\/1"}],"replies":[{"embeddable":true,"href":"https:\/\/soci.hu\/blog\/index.php\/wp-json\/wp\/v2\/comments?post=816"}],"version-history":[{"count":1,"href":"https:\/\/soci.hu\/blog\/index.php\/wp-json\/wp\/v2\/posts\/816\/revisions"}],"predecessor-version":[{"id":817,"href":"https:\/\/soci.hu\/blog\/index.php\/wp-json\/wp\/v2\/posts\/816\/revisions\/817"}],"wp:attachment":[{"href":"https:\/\/soci.hu\/blog\/index.php\/wp-json\/wp\/v2\/media?parent=816"}],"wp:term":[{"taxonomy":"category","embeddable":true,"href":"https:\/\/soci.hu\/blog\/index.php\/wp-json\/wp\/v2\/categories?post=816"},{"taxonomy":"post_tag","embeddable":true,"href":"https:\/\/soci.hu\/blog\/index.php\/wp-json\/wp\/v2\/tags?post=816"}],"curies":[{"name":"wp","href":"https:\/\/api.w.org\/{rel}","templated":true}]}}