{"id":559,"date":"2008-08-12T20:42:07","date_gmt":"2008-08-12T19:42:07","guid":{"rendered":"http:\/\/soci.hu\/blog\/?p=559"},"modified":"2008-08-12T20:42:07","modified_gmt":"2008-08-12T19:42:07","slug":"vs-2008-sp1-telepitesi-tapasztalatok","status":"publish","type":"post","link":"https:\/\/soci.hu\/blog\/index.php\/2008\/08\/12\/vs-2008-sp1-telepitesi-tapasztalatok\/","title":{"rendered":"VS 2008 SP1 telep\u00edt\u00e9si tapasztalatok"},"content":{"rendered":"<p>Tegnap megjelent a <a href=\"http:\/\/www.microsoft.com\/downloads\/details.aspx?FamilyId=FBEE1648-7106-44A7-9649-6D9F6D58056E&#038;displaylang=en\">VS 2008 SP1<\/a>, kor\u00e1bban <a href=\"http:\/\/soci.hu\/blog\/index.php\/2008\/08\/06\/tadawav-sql-server-2008-rtm-letoltheto-az-msdn-rol\/\">hi\u00e1nyoltam<\/a>.<br \/>\nEl\u0151tte le kellett futtatni a VS beta dirib-darabokat leszed\u0151 eszk\u00f6zt, a <a href=\"http:\/\/www.microsoft.com\/downloads\/details.aspx?FamilyId=A494B0E0-EB07-4FF1-A21C-A4663E456D9D&#038;displaylang=en\">Visual Studio 2008 Service Pack Preparation Tool<\/a>-t.<br \/>\nA takar\u00edt\u00f3 cucc elsz\u00e1llt, annak rendje \u00e9s m\u00f3dja szerint, a Team Foundation Explorer matat\u00e1sa k\u00f6zben. Megpr\u00f3b\u00e1ltam repair-elni azt az eredeti DVD-r\u0151l, ugyanazzal a hib\u00e1val elsz\u00e1llt. A logban l\u00e1ttam, hogy valamit akar a G: drive-r\u00f3l, annak idej\u00e9n err\u0151l telep\u00edtettem, de most nem arr\u00f3l akartam repair-elni. Berakom a G:-be a DVD-t, \u00e9s a repair sikeres. Most emlegetem a telep\u00edt\u0151-\u00edr\u00f3t kicsit. :)<br \/>\nA removal tool ezek ut\u00e1n m\u00e1r sim\u00e1n m\u0171k\u00f6dik persze, mehet az SP telep\u00edt\u0151. A mostan\u00e1ban szok\u00e1sos webes telep\u00edt\u0151r\u0151l van sz\u00f3, ami pici, de azt\u00e1n leh\u00fazza mag\u00e1ra az univerzumot. \u00c9rdekes, hogy egyszerre elind\u00edtottam egy X64-es \u00e9s egy X86-os g\u00e9pen is, \u00e9s az X64-en vagy 3x annyi let\u00f6lt\u00e9si id\u0151t \u00edr ki, hi\u00e1ba, hosszabb adat- \u00e9s c\u00edmbusz, hosszabb k\u00f3d.<br \/>\nA telep\u00edt\u00e9s nem kapkodja el, j\u00f3 1.5 \u00f3r\u00e1t elmolyolt, de felment. K\u00edv\u00e1ncsi vagyok a <a href=\"http:\/\/soci.hu\/blog\/index.php\/2008\/07\/31\/uninstalling-net-framework-20-sp2-and-35-sp1-in-vista\/\">kor\u00e1bbi heap probl\u00e9ma<\/a> el\u0151j\u00f6n-e ezzel a v\u00e9gleges fw-kel.<\/p>\n","protected":false},"excerpt":{"rendered":"<p>Tegnap megjelent a VS 2008 SP1, kor\u00e1bban hi\u00e1nyoltam. El\u0151tte le kellett futtatni a VS beta dirib-darabokat leszed\u0151 eszk\u00f6zt, a Visual Studio 2008&#8230;<\/p>\n","protected":false},"author":1,"featured_media":0,"comment_status":"closed","ping_status":"closed","sticky":false,"template":"","format":"standard","meta":{"footnotes":""},"categories":[8,4,61,59],"tags":[],"class_list":["post-559","post","type-post","status-publish","format-standard","hentry","category-net","category-szakmai-elet","category-visual-studio","category-vs-2008"],"_links":{"self":[{"href":"https:\/\/soci.hu\/blog\/index.php\/wp-json\/wp\/v2\/posts\/559","targetHints":{"allow":["GET"]}}],"collection":[{"href":"https:\/\/soci.hu\/blog\/index.php\/wp-json\/wp\/v2\/posts"}],"about":[{"href":"https:\/\/soci.hu\/blog\/index.php\/wp-json\/wp\/v2\/types\/post"}],"author":[{"embeddable":true,"href":"https:\/\/soci.hu\/blog\/index.php\/wp-json\/wp\/v2\/users\/1"}],"replies":[{"embeddable":true,"href":"https:\/\/soci.hu\/blog\/index.php\/wp-json\/wp\/v2\/comments?post=559"}],"version-history":[{"count":0,"href":"https:\/\/soci.hu\/blog\/index.php\/wp-json\/wp\/v2\/posts\/559\/revisions"}],"wp:attachment":[{"href":"https:\/\/soci.hu\/blog\/index.php\/wp-json\/wp\/v2\/media?parent=559"}],"wp:term":[{"taxonomy":"category","embeddable":true,"href":"https:\/\/soci.hu\/blog\/index.php\/wp-json\/wp\/v2\/categories?post=559"},{"taxonomy":"post_tag","embeddable":true,"href":"https:\/\/soci.hu\/blog\/index.php\/wp-json\/wp\/v2\/tags?post=559"}],"curies":[{"name":"wp","href":"https:\/\/api.w.org\/{rel}","templated":true}]}}