{"id":547,"date":"2008-07-28T11:39:38","date_gmt":"2008-07-28T10:39:38","guid":{"rendered":"http:\/\/soci.hu\/blog\/?p=547"},"modified":"2008-08-04T17:24:25","modified_gmt":"2008-08-04T16:24:25","slug":"vista-memoriakezelesi-furcsasag","status":"publish","type":"post","link":"https:\/\/soci.hu\/blog\/index.php\/2008\/07\/28\/vista-memoriakezelesi-furcsasag\/","title":{"rendered":"Vista mem\u00f3riakezel\u00e9si furcsas\u00e1g"},"content":{"rendered":"<p>Id\u0151nk\u00e9nt annyira belassul a Vista alatt a munka, hogy n\u00e9ha m\u00e1r vesz\u00e9lyben volt a laptop fizikai l\u00e9te. :)<br \/>\n2G RAM, DCE kikapcsolva, semmi \u00fcveges tekintet\u0171 ablak. Amikor ennyire lass\u00fa a g\u00e9p, akkor a k\u00f6vetkez\u0151 k\u00e9p l\u00e1tszik a Task Managerben:<\/p>\n<p><a href='http:\/\/soci.hu\/blog\/wp-content\/uploads\/2008\/07\/vistamem.jpg'><img loading=\"lazy\" decoding=\"async\" src=\"http:\/\/soci.hu\/blog\/wp-content\/uploads\/2008\/07\/vistamem.jpg\" alt=\"\" title=\"vistamem\" width=\"412\" height=\"457\" class=\"aligncenter size-full wp-image-548\" srcset=\"https:\/\/soci.hu\/blog\/wp-content\/uploads\/2008\/07\/vistamem.jpg 412w, https:\/\/soci.hu\/blog\/wp-content\/uploads\/2008\/07\/vistamem-270x300.jpg 270w\" sizes=\"auto, (max-width: 412px) 100vw, 412px\" \/><\/a><\/p>\n<p>A Task Manager h\u00edres arr\u00f3l, hogy a benne l\u00e1that\u00f3 mem\u00f3ria\u00e9rt\u00e9keket fenntart\u00e1sokkal kell kezelni, de az \u00e1bra alapj\u00e1n azt gondoln\u00e1m feleslegesen 1 G RAM-ot elrabol cache c\u00e9lj\u00e1ra, cser\u00e9be a g\u00e9p majd sz\u00e9tesik a page-el\u00e9st\u0151l, mert a 1G-ba t\u00e9nyleg nem f\u00e9r bele minden futtatott app. F\u00e9lre\u00e9rthet\u0151 a TM \u00e1ltal mutatott \u00e9rt\u00e9k, vagy t\u00falzab\u00e1lja mag\u00e1t a Vista cache? A Superfetch m\u00e1r ki van kapcsolva, \u00e9s az indexer is, ezekr\u0151l \u00edrj\u00e1k, hogy szeretik unalmukban sz\u00e9tenni a viny\u00f3t. <\/p>\n<p>Update: <a href=\"http:\/\/www.codinghorror.com\/blog\/archives\/000688.html\">n\u00e9mi magyar\u00e1zat<\/a>. Nem zab\u00e1ja a RAM-ot, hanem haszn\u00e1lja, cache c\u00e9lj\u00e1ra (hasonl\u00f3an, mint a SQL Server). Akkor viszont az\u00e9rt lass\u00fa a g\u00e9p, mert t\u00f6bb mint 2 G ramot esznek egy\u00fctt az appok, \u00edgy page-elni kell. Err\u0151l m\u00e9g nem vagyok meggy\u0151z\u0151dve, de ebb\u0151l ez k\u00f6vetkezik.<\/p>\n<p>Update2: semmi furcsas\u00e1g nincs a dologban, \u00e9n voltam a tudatlan.<br \/>\n<a href=\"http:\/\/technet.microsoft.com\/en-us\/magazine\/cc162494.aspx\">Inside the Windows Vista Kernel: Part 2<\/a><\/p>\n","protected":false},"excerpt":{"rendered":"<p>Id\u0151nk\u00e9nt annyira belassul a Vista alatt a munka, hogy n\u00e9ha m\u00e1r vesz\u00e9lyben volt a laptop fizikai l\u00e9te. :) 2G RAM, DCE kikapcsolva,&#8230;<\/p>\n","protected":false},"author":1,"featured_media":0,"comment_status":"closed","ping_status":"closed","sticky":false,"template":"","format":"standard","meta":{"footnotes":""},"categories":[4,23],"tags":[],"class_list":["post-547","post","type-post","status-publish","format-standard","hentry","category-szakmai-elet","category-vista"],"_links":{"self":[{"href":"https:\/\/soci.hu\/blog\/index.php\/wp-json\/wp\/v2\/posts\/547","targetHints":{"allow":["GET"]}}],"collection":[{"href":"https:\/\/soci.hu\/blog\/index.php\/wp-json\/wp\/v2\/posts"}],"about":[{"href":"https:\/\/soci.hu\/blog\/index.php\/wp-json\/wp\/v2\/types\/post"}],"author":[{"embeddable":true,"href":"https:\/\/soci.hu\/blog\/index.php\/wp-json\/wp\/v2\/users\/1"}],"replies":[{"embeddable":true,"href":"https:\/\/soci.hu\/blog\/index.php\/wp-json\/wp\/v2\/comments?post=547"}],"version-history":[{"count":0,"href":"https:\/\/soci.hu\/blog\/index.php\/wp-json\/wp\/v2\/posts\/547\/revisions"}],"wp:attachment":[{"href":"https:\/\/soci.hu\/blog\/index.php\/wp-json\/wp\/v2\/media?parent=547"}],"wp:term":[{"taxonomy":"category","embeddable":true,"href":"https:\/\/soci.hu\/blog\/index.php\/wp-json\/wp\/v2\/categories?post=547"},{"taxonomy":"post_tag","embeddable":true,"href":"https:\/\/soci.hu\/blog\/index.php\/wp-json\/wp\/v2\/tags?post=547"}],"curies":[{"name":"wp","href":"https:\/\/api.w.org\/{rel}","templated":true}]}}