{"id":442,"date":"2008-02-04T09:14:03","date_gmt":"2008-02-04T08:14:03","guid":{"rendered":"http:\/\/soci.hu\/blog\/index.php\/2008\/02\/04\/balint-a-pacifista\/"},"modified":"2008-02-04T13:33:08","modified_gmt":"2008-02-04T12:33:08","slug":"balint-a-pacifista","status":"publish","type":"post","link":"https:\/\/soci.hu\/blog\/index.php\/2008\/02\/04\/balint-a-pacifista\/","title":{"rendered":"B\u00e1lint, a pacifista"},"content":{"rendered":"<p>Ma reggel az \u00f3vod\u00e1ban.<\/p>\n<p>Mikor be\u00e9rt\u00fcnk, odaj\u00f6tt hozz\u00e1nk egy kis-kisfi\u00fa a folyos\u00f3n, a pisztoly\u00e1t csattogtatva. B\u00e1lintot nagyon zavarta, ez\u00e9rt besz\u00e9ltem a kicsihez is, meg hozz\u00e1 is.<br \/>\nMondja a kicsi: n\u00e9zd, nekem van pisztolyom.<br \/>\nB\u00e1lint: nekem meg csipeget\u0151s csib\u00e9m.<\/p>\n<p>El\u0151vett a kisfi\u00fa egy m\u00e1sik pisztolyt is. Mondom B\u00e1lintnak, n\u00e9zd, ez a kisfi\u00fa nagy pisztolykedvel\u0151 ember.<br \/>\n-\u00c9n meg a n\u00f6v\u00e9nyeket szeretem.<\/p>\n<p>Nagyon b\u00fcszke vagyok a fiamra, m\u00e9gha n\u00e9ha kutyaszar rossz is. :)<\/p>\n","protected":false},"excerpt":{"rendered":"<p>Ma reggel az \u00f3vod\u00e1ban. Mikor be\u00e9rt\u00fcnk, odaj\u00f6tt hozz\u00e1nk egy kis-kisfi\u00fa a folyos\u00f3n, a pisztoly\u00e1t csattogtatva. B\u00e1lintot nagyon zavarta, ez\u00e9rt besz\u00e9ltem a kicsihez&#8230;<\/p>\n","protected":false},"author":1,"featured_media":0,"comment_status":"closed","ping_status":"closed","sticky":false,"template":"","format":"standard","meta":{"footnotes":""},"categories":[3,5],"tags":[],"class_list":["post-442","post","type-post","status-publish","format-standard","hentry","category-elet","category-szemelyes"],"_links":{"self":[{"href":"https:\/\/soci.hu\/blog\/index.php\/wp-json\/wp\/v2\/posts\/442","targetHints":{"allow":["GET"]}}],"collection":[{"href":"https:\/\/soci.hu\/blog\/index.php\/wp-json\/wp\/v2\/posts"}],"about":[{"href":"https:\/\/soci.hu\/blog\/index.php\/wp-json\/wp\/v2\/types\/post"}],"author":[{"embeddable":true,"href":"https:\/\/soci.hu\/blog\/index.php\/wp-json\/wp\/v2\/users\/1"}],"replies":[{"embeddable":true,"href":"https:\/\/soci.hu\/blog\/index.php\/wp-json\/wp\/v2\/comments?post=442"}],"version-history":[{"count":0,"href":"https:\/\/soci.hu\/blog\/index.php\/wp-json\/wp\/v2\/posts\/442\/revisions"}],"wp:attachment":[{"href":"https:\/\/soci.hu\/blog\/index.php\/wp-json\/wp\/v2\/media?parent=442"}],"wp:term":[{"taxonomy":"category","embeddable":true,"href":"https:\/\/soci.hu\/blog\/index.php\/wp-json\/wp\/v2\/categories?post=442"},{"taxonomy":"post_tag","embeddable":true,"href":"https:\/\/soci.hu\/blog\/index.php\/wp-json\/wp\/v2\/tags?post=442"}],"curies":[{"name":"wp","href":"https:\/\/api.w.org\/{rel}","templated":true}]}}