{"id":273,"date":"2007-06-05T13:08:54","date_gmt":"2007-06-05T12:08:54","guid":{"rendered":"http:\/\/soci.hu\/blog\/index.php\/2007\/06\/05\/hat-szivatnak-itt-engem\/"},"modified":"2007-06-05T13:11:13","modified_gmt":"2007-06-05T12:11:13","slug":"hat-szivatnak-itt-engem","status":"publish","type":"post","link":"https:\/\/soci.hu\/blog\/index.php\/2007\/06\/05\/hat-szivatnak-itt-engem\/","title":{"rendered":"H\u00e1t szivatnak itt engem?"},"content":{"rendered":"<p>Ha holnap egy\u00e1ltal\u00e1n be fog bootolni a g\u00e9pem a konferenci\u00e1n m\u00e1r \u00f6r\u00fclni fogok. Ilyen k\u00e1lv\u00e1ri\u00e1t m\u00e9g nem \u00e9ltem meg konferenci\u00e1ra k\u00e9sz\u00fclve.<\/p>\n<p>K\u00e9rtem a c\u00e9gemt\u0151l k\u00e9t laptopot, ezekkel akartam bemutatni a szuper farm megold\u00e1somat IIS7 alatt. Kurva j\u00f3 lett volna, na.<\/p>\n<p>K\u00e9t hardverileg nagyon hasonl\u00f3 g\u00e9p. Felh\u00faztam az egyikre a Windows 2008-at. Az lett volna a c\u00e9l, hogy legyen k\u00e9t azonos g\u00e9pem, amit csak \u00fagy be lehet rakni a farmba, a kis programom meg elint\u00e9z mindent, hogy az egy \u00e9l\u0151 webszerver legyen.<\/p>\n<p>Az els\u0151 meglepet\u00e9s ott \u00e9rt, hogy a Window saj\u00e1t backupj\u00e1val lementett image visszarestorol\u00e1sa ut\u00e1n az MSDTC nem indult el. Minden be volt m\u00e1r \u00e1ll\u00edtva a prezent\u00e1ci\u00f3hoz, editorok, font m\u00e9retek, shortcutok, stb.<\/p>\n<p>\u00dajrah\u00faz\u00e1s. M\u00e1r megy minden, \u00fajra mindent kipr\u00f3b\u00e1ltam, be\u00e1ll\u00edtottam, erre sz\u00e9tesett a viny\u00f3 az egyik g\u00e9pben. Hi\u00e1ba a backup, mert mind mondtam, nem m\u0171k\u00f6dik j\u00f3l a g\u00e9p vissza\u00e1ll\u00edt\u00e1s ut\u00e1n.<\/p>\n<p>Feladtam. Legyen virtu\u00e1lis masina, b\u00e1r ut\u00e1lom \u0151ket a sebess\u00e9g\u00fck miatt, de mindegy. Feltelep\u00edtettem egy p\u00e9ld\u00e1nyt a Virtual PC-re. Felment rendben, de csak fekete k\u00e9perny\u0151 l\u00e1tszott bel\u0151le. M\u00e9rgemben let\u00f6r\u00f6ltem, hab\u00e1r most jut eszembe, ez egy ismert bug, ami nagyfelbont\u00e1s\u00fa k\u00e9perny\u0151k eset\u00e9n j\u00f6n el\u0151, \u00e9s el\u00e9g egyszer\u0171 orvosolni.<\/p>\n<p>Mindegy, ez m\u00e1r nincs. J\u00f6het a vmware. Van egy 6-os RC-m, Vista hosthoz a 6-os kell. Megcsin\u00e1ltam a diszket, ind\u00edtan\u00e1m, erre sz\u00f3lt, hogy lej\u00e1rt a ware. Sh&#8230;t.<br \/>\nMost t\u00f6lt\u0151dik le egy 30 napos eval, megl\u00e1tjuk.<\/p>\n<p>Soha nem szoptam m\u00e9g ennyit egy konferenci\u00e1ra k\u00e9sz\u00fclve, rem\u00e9lem megt\u00e9r\u00fcl.<\/p>\n","protected":false},"excerpt":{"rendered":"<p>Ha holnap egy\u00e1ltal\u00e1n be fog bootolni a g\u00e9pem a konferenci\u00e1n m\u00e1r \u00f6r\u00fclni fogok. Ilyen k\u00e1lv\u00e1ri\u00e1t m\u00e9g nem \u00e9ltem meg konferenci\u00e1ra k\u00e9sz\u00fclve. K\u00e9rtem&#8230;<\/p>\n","protected":false},"author":1,"featured_media":0,"comment_status":"closed","ping_status":"closed","sticky":false,"template":"","format":"standard","meta":{"footnotes":""},"categories":[3,5],"tags":[],"class_list":["post-273","post","type-post","status-publish","format-standard","hentry","category-elet","category-szemelyes"],"_links":{"self":[{"href":"https:\/\/soci.hu\/blog\/index.php\/wp-json\/wp\/v2\/posts\/273","targetHints":{"allow":["GET"]}}],"collection":[{"href":"https:\/\/soci.hu\/blog\/index.php\/wp-json\/wp\/v2\/posts"}],"about":[{"href":"https:\/\/soci.hu\/blog\/index.php\/wp-json\/wp\/v2\/types\/post"}],"author":[{"embeddable":true,"href":"https:\/\/soci.hu\/blog\/index.php\/wp-json\/wp\/v2\/users\/1"}],"replies":[{"embeddable":true,"href":"https:\/\/soci.hu\/blog\/index.php\/wp-json\/wp\/v2\/comments?post=273"}],"version-history":[{"count":0,"href":"https:\/\/soci.hu\/blog\/index.php\/wp-json\/wp\/v2\/posts\/273\/revisions"}],"wp:attachment":[{"href":"https:\/\/soci.hu\/blog\/index.php\/wp-json\/wp\/v2\/media?parent=273"}],"wp:term":[{"taxonomy":"category","embeddable":true,"href":"https:\/\/soci.hu\/blog\/index.php\/wp-json\/wp\/v2\/categories?post=273"},{"taxonomy":"post_tag","embeddable":true,"href":"https:\/\/soci.hu\/blog\/index.php\/wp-json\/wp\/v2\/tags?post=273"}],"curies":[{"name":"wp","href":"https:\/\/api.w.org\/{rel}","templated":true}]}}