{"id":204,"date":"2007-02-27T14:52:28","date_gmt":"2007-02-27T13:52:28","guid":{"rendered":"http:\/\/soci.hu\/blog\/index.php\/2007\/02\/27\/akkor-most-a-virus-betegit-meg-vagy-a-hulye-gondolatok-pszichoszomatika\/"},"modified":"2007-02-27T14:52:28","modified_gmt":"2007-02-27T13:52:28","slug":"akkor-most-a-virus-betegit-meg-vagy-a-hulye-gondolatok-pszichoszomatika","status":"publish","type":"post","link":"https:\/\/soci.hu\/blog\/index.php\/2007\/02\/27\/akkor-most-a-virus-betegit-meg-vagy-a-hulye-gondolatok-pszichoszomatika\/","title":{"rendered":"Akkor most a v\u00edrus beteg\u00edt meg, vagy a h\u00fclye gondolatok (pszichoszomatika)?"},"content":{"rendered":"<p>Egyik kor\u00e1bbi <a href=\"http:\/\/soci.hu\/blog\/index.php\/2007\/02\/15\/reformok\/\">bejegyz\u00e9semben<\/a> volt vita a fenti k\u00e9rd\u00e9sr\u0151l, ehhez kapcsol\u00f3dn\u00e9k most itt.<\/p>\n<p>Szindbad \u00edrta wacesnek: Hm, es az influenza vagy az aids virus is azert betegiti meg az embert, mert eppen rossz pszichikai allapotban van?<\/p>\n<p>Nos, igen. :)<\/p>\n<p>Mi\u00e9rt van az, hogy az oviban 20-b\u00f3l 10 gyerek elkapja a bacit vagy v\u00edrust, a t\u00f6bbiek meg nem?<\/p>\n<p>1. Mert annak a 10-nek er\u0151sebb az immunrendszere.<br \/>\n2. Mert j\u00f3l \u00e9rzik magukat az oviban \u00e9s a vil\u00e1gban.<\/p>\n<p>Szerintem mindkett\u0151, DE a m\u00e1sodikb\u00f3l k\u00f6vetkezik az els\u0151.<\/p>\n<p>Ezeket a dolgokat viszont neh\u00e9z m\u00e9rni, mivel a &#8220;j\u00f3l \u00e9rzik magukat&#8221; nehezen m\u00e9rhet\u0151. Annak ellen\u00e9re, hogy hat\u00e1rozottan \u00e9rzi mindenki a saj\u00e1t b\u0151r\u00e9n, hogyan \u00e9rzi \u00e9ppen mag\u00e1t.<\/p>\n<p>Neh\u00e9z dolog ez a pszichol\u00f3gia, meg az ember. Szeretn\u00e9nk tudom\u00e1nyosan, reproduk\u00e1lhat\u00f3an vizsg\u00e1lni olyan dolgokat, amikben t\u00fal sok a v\u00e1ltoz\u00f3. M\u00e9rd meg, pl. mennyire vagy boldog.<\/p>\n<p>Ennek ellen\u00e9re, a saj\u00e1t \u00e9lettapasztalatom alapj\u00e1n teljes meggy\u0151z\u0151d\u00e9ssel \u00e1ll\u00edtom, hogy \u00f3ri\u00e1si korrel\u00e1ci\u00f3 van a lelki\u00e1llapot \u00e9s a betegs\u00e9gre val\u00f3 fog\u00e9konys\u00e1g k\u00f6z\u00f6tt.<\/p>\n<p>N\u00e9zz megy egy egyszer\u0171 p\u00e9ld\u00e1t. Figyeld meg, szokott-e f\u00e1jni a hasad, a fejed, vagy b\u00e1rmi m\u00e1s r\u00e9szed. Azt\u00e1n a szok\u00e1sosn\u00e1l sokkal nagyobb tudatoss\u00e1ggal figyeld meg a sz\u00fcleid viselked\u00e9s\u00e9t. H\u00e1nyszor akarj\u00e1k bel\u00e9d szuger\u00e1lni, hogy ha sokat eszel beteg leszel, ha nem \u00f6lt\u00f6z\u00f6l fel megf\u00e1zol, ha j\u00f6n a front f\u00e1jni fog a fejed, stb.<br \/>\nHa nem veszel \u00e9szre semmit, akkor:<br \/>\nA. nagyon szerencs\u00e9s, nem aberr\u00e1l\u00f3 csal\u00e1dban n\u0151tt\u00e9l fel. Javasold nekik, v\u00e1llaljanak m\u00e9g gyereket, ha nem k\u00e9s\u0151, j\u00f3l j\u00e1rnak vel\u00fck a tes\u00f3k is.<br \/>\nB. Nem vagy el\u00e9g tudatos, nem veszed \u00e9szre, mikor akarnak sz\u00e1mukra is \u00f6ntudatlan m\u00f3don t\u00e9ged megbeteg\u00edteni. Nem az\u00e9rt, mert nem szeretnek, csak ism\u00e9tlik a mint\u00e1t, amit a sz\u00fcleikt\u0151l tanultak.<\/p>\n<p>M\u00e1rciust\u00f3l v\u00e9g\u00e9t\u0151l B\u00e1lint is ovis lesz. Eddig olyan eg\u00e9szs\u00e9ges, mint a makk, t\u00e9len kiszaladg\u00e1lt mez\u00edtl\u00e1b az udvarra, de semmi baja nem lett. Mert boldog. Majd megl\u00e1tjuk, az ovis v\u00edrusokkal hogy b\u00edr, illetve az oviban hogy \u00e9rzi mag\u00e1t.<\/p>\n<p>\u00c9s itt megint j\u00f6n a kett\u0151ss\u00e9g: az\u00e9rt lett beteg, mert sok volt a v\u00edrus k\u00f6r\u00fcl\u00f6tte, \u00e9s egyszer\u0171en biol\u00f3giai alapon elkapta, vagy nem szeret oviba j\u00e1rni, \u00e9s a betegs\u00e9gen kereszt\u00fcl menek\u00fcl el?<br \/>\nEzek azok a kett\u0151s\u00e9gek, amelyek \u00e1lland\u00f3an vitathat\u00f3v\u00e1 teszik az lelki \u00e9s materi\u00e1lis dolgok kapcsolat\u00e1t.<\/p>\n","protected":false},"excerpt":{"rendered":"<p>Egyik kor\u00e1bbi bejegyz\u00e9semben volt vita a fenti k\u00e9rd\u00e9sr\u0151l, ehhez kapcsol\u00f3dn\u00e9k most itt. Szindbad \u00edrta wacesnek: Hm, es az influenza vagy az aids&#8230;<\/p>\n","protected":false},"author":1,"featured_media":0,"comment_status":"closed","ping_status":"closed","sticky":false,"template":"","format":"standard","meta":{"footnotes":""},"categories":[3],"tags":[],"class_list":["post-204","post","type-post","status-publish","format-standard","hentry","category-elet"],"_links":{"self":[{"href":"https:\/\/soci.hu\/blog\/index.php\/wp-json\/wp\/v2\/posts\/204","targetHints":{"allow":["GET"]}}],"collection":[{"href":"https:\/\/soci.hu\/blog\/index.php\/wp-json\/wp\/v2\/posts"}],"about":[{"href":"https:\/\/soci.hu\/blog\/index.php\/wp-json\/wp\/v2\/types\/post"}],"author":[{"embeddable":true,"href":"https:\/\/soci.hu\/blog\/index.php\/wp-json\/wp\/v2\/users\/1"}],"replies":[{"embeddable":true,"href":"https:\/\/soci.hu\/blog\/index.php\/wp-json\/wp\/v2\/comments?post=204"}],"version-history":[{"count":0,"href":"https:\/\/soci.hu\/blog\/index.php\/wp-json\/wp\/v2\/posts\/204\/revisions"}],"wp:attachment":[{"href":"https:\/\/soci.hu\/blog\/index.php\/wp-json\/wp\/v2\/media?parent=204"}],"wp:term":[{"taxonomy":"category","embeddable":true,"href":"https:\/\/soci.hu\/blog\/index.php\/wp-json\/wp\/v2\/categories?post=204"},{"taxonomy":"post_tag","embeddable":true,"href":"https:\/\/soci.hu\/blog\/index.php\/wp-json\/wp\/v2\/tags?post=204"}],"curies":[{"name":"wp","href":"https:\/\/api.w.org\/{rel}","templated":true}]}}