{"id":198,"date":"2007-02-15T13:03:26","date_gmt":"2007-02-15T11:03:26","guid":{"rendered":"http:\/\/soci.hu\/blog\/index.php\/2007\/02\/15\/reformok\/"},"modified":"2007-02-15T13:03:26","modified_gmt":"2007-02-15T11:03:26","slug":"reformok","status":"publish","type":"post","link":"https:\/\/soci.hu\/blog\/index.php\/2007\/02\/15\/reformok\/","title":{"rendered":"Reformok"},"content":{"rendered":"<p>Kezdem \u00e9rezni az eg\u00e9szs\u00e9g\u00fcgyi &#8220;reformok&#8221; hat\u00e1s\u00e1t. Az orvosok idegbetegek, mert nem tudj\u00e1k mire sz\u00e1m\u00edthatnak, \u00e9s nem tudj\u00e1k mit lehet, mit nem. Ezt azt\u00e1n b\u00e1ri \u00e9lvezi, aki tal\u00e1lkozik vel\u00fck, mi is. &#8220;Szeretettel&#8221; v\u00e1rnak kezel\u00e9sre.<br \/>\nTudom, f\u00e9ltik a mund\u00e9rt, meg minden. Nem vagyok oda az orvosok\u00e9rt, nem tekintem \u0151ket istennek, mint annak a k\u00f6nyvnek az szerz\u0151je sem, aminek az a c\u00edme: &#8220;Hogyan gy\u00f3gyuljunk meg az orvosi kezel\u00e9s ELLEN\u00c9RE&#8221;. Sokan m\u00e9g meghalni is hajland\u00f3k az orvos kedv\u00e9\u00e9rt, mert a doktor \u00far megmondta, hogy 5 h\u00f3napom van h\u00e1tra. Elhiszik nekik, na. Egyik kedves bar\u00e1tom nem hitte el, \u00e9s meggy\u00f3gyult a r\u00e1kb\u00f3l. Nagyon tisztelem az ilyet, de kev\u00e9s embernek van ehhez mersze. \u00c9lni.<\/p>\n<p>\u00c1m \u00fagy \u00e9rzem &#8211; mivel van a k\u00f6zelben egy sz\u00edvseb\u00e9sz ismer\u0151s &#8211; ez nem csak egyszer\u0171, term\u00e9szetes ellen\u00e1ll\u00e1s a v\u00e1ltoz\u00e1s ellen, hanem agg\u00f3d\u00e1s, hogy sz\u00e9tbasznak mindent a szak\u00e9rt\u0151 urak, \u00e9s ellehetetlen\u00edtik a helyzet\u00fcket. Kell a reform, de \u00e9sszel. 2 \u00e9v alatt nem lehet megv\u00e1ltani a vil\u00e1got, m\u00e9g egy olyan zseni\u00e1lis, elhivatott, j\u00f3sz\u00e1nd\u00e9k\u00fa, rend \u00e9s fegyelemkedvel\u0151 embernek se, mint urunk \u00e9s parancsol\u00f3nk, Ferenc. Nem, nem Ferdin\u00e1ndra gondoltam.<\/p>\n<p>Mindezek csak \u00e9rz\u00e9sek, fingom sincs mi zajlik ebben az orsz\u00e1gban, nem \u00e9rtek hozz\u00e1.<\/p>\n","protected":false},"excerpt":{"rendered":"<p>Kezdem \u00e9rezni az eg\u00e9szs\u00e9g\u00fcgyi &#8220;reformok&#8221; hat\u00e1s\u00e1t. Az orvosok idegbetegek, mert nem tudj\u00e1k mire sz\u00e1m\u00edthatnak, \u00e9s nem tudj\u00e1k mit lehet, mit nem. Ezt&#8230;<\/p>\n","protected":false},"author":1,"featured_media":0,"comment_status":"closed","ping_status":"closed","sticky":false,"template":"","format":"standard","meta":{"footnotes":""},"categories":[3],"tags":[],"class_list":["post-198","post","type-post","status-publish","format-standard","hentry","category-elet"],"_links":{"self":[{"href":"https:\/\/soci.hu\/blog\/index.php\/wp-json\/wp\/v2\/posts\/198","targetHints":{"allow":["GET"]}}],"collection":[{"href":"https:\/\/soci.hu\/blog\/index.php\/wp-json\/wp\/v2\/posts"}],"about":[{"href":"https:\/\/soci.hu\/blog\/index.php\/wp-json\/wp\/v2\/types\/post"}],"author":[{"embeddable":true,"href":"https:\/\/soci.hu\/blog\/index.php\/wp-json\/wp\/v2\/users\/1"}],"replies":[{"embeddable":true,"href":"https:\/\/soci.hu\/blog\/index.php\/wp-json\/wp\/v2\/comments?post=198"}],"version-history":[{"count":0,"href":"https:\/\/soci.hu\/blog\/index.php\/wp-json\/wp\/v2\/posts\/198\/revisions"}],"wp:attachment":[{"href":"https:\/\/soci.hu\/blog\/index.php\/wp-json\/wp\/v2\/media?parent=198"}],"wp:term":[{"taxonomy":"category","embeddable":true,"href":"https:\/\/soci.hu\/blog\/index.php\/wp-json\/wp\/v2\/categories?post=198"},{"taxonomy":"post_tag","embeddable":true,"href":"https:\/\/soci.hu\/blog\/index.php\/wp-json\/wp\/v2\/tags?post=198"}],"curies":[{"name":"wp","href":"https:\/\/api.w.org\/{rel}","templated":true}]}}